{"id":6866,"date":"2017-07-24T15:53:16","date_gmt":"2017-07-24T19:53:16","guid":{"rendered":"https:\/\/vankleekhill.ca\/?p=6866\/"},"modified":"2021-11-19T09:22:21","modified_gmt":"2021-11-19T14:22:21","slug":"societe-naturelle-de-vankleek-hill","status":"publish","type":"post","link":"https:\/\/vankleekhill.ca\/fr\/blog\/societe-naturelle-de-vankleek-hill\/","title":{"rendered":"Soci\u00e9t\u00e9 naturelle de Vankleek Hill"},"content":{"rendered":"<p>Les assembl\u00e9es prennent place au Vankleek Hill Collegiate Institute le troisi\u00e8me lundi de chaque mois, en mars, avril, septembre, octobre, et novembre. Visitez la page Facebook pour voir les sorties, les invit\u00e9s sp\u00e9ciaux, et les \u00e9v\u00e9nements.<\/p>\n<p>Site Web:<a href=\"http:\/\/ www.vankleekhillnaturesociety.org\" target=\"_blank\" rel=\"noopener\"> www.vankleekhillnaturesociety.org<\/a><br \/>\nInfo:<br \/>\nFacebook: <a href=\"https:\/\/www.facebook.com\/Vankleek-Hill-and-District-Nature-Society-177877498915308\" target=\"_blank\" rel=\"noopener\">https:\/\/www.facebook.com\/Vankleek-Hill-and-District-Nature-Society-177877498915308<\/a><\/p><div class=\"vankl-front-events\" style=\"text-align: center;\" id=\"vankl-1893663294\"><div class=\"vankl-adlabel\">Advertisements<\/div><p><script type=\"text\/javascript\">\nvar bannersnack_embed = {\"hash\":\"bvxpatpcr\",\"width\":970,\"height\":250,\"t\":1649943188.504,\"userId\":40968303,\"responsive\":true,\"type\":\"html5\"};\n<\/script><br \/>\n<script type=\"text\/javascript\" src=\"\/\/cdn.bannersnack.com\/iframe\/embed.js\"><\/script><\/p>\n<\/div>\n","protected":false},"excerpt":{"rendered":"<p>Les assembl\u00e9es prennent place au Vankleek Hill Collegiate Institute le troisi\u00e8me lundi de chaque mois, en mars, avril, septembre, octobre, et novembre. Visitez la page Facebook pour voir les sorties, les invit\u00e9s sp\u00e9ciaux, et les \u00e9v\u00e9nements. Site Web: www.vankleekhillnaturesociety.org Info: Facebook: https:\/\/www.facebook.com\/Vankleek-Hill-and-District-Nature-Society-177877498915308<\/p>\n","protected":false},"author":1001004,"featured_media":7052,"comment_status":"closed","ping_status":"closed","sticky":false,"template":"","format":"standard","meta":{"_acf_changed":false,"_monsterinsights_skip_tracking":false,"_monsterinsights_sitenote_active":false,"_monsterinsights_sitenote_note":"","_monsterinsights_sitenote_category":0,"advanced_seo_description":"","jetpack_seo_html_title":"","jetpack_seo_noindex":false,"_jetpack_memberships_contains_paid_content":false,"footnotes":"","_links_to":"","_links_to_target":""},"categories":[137],"tags":[448,467,466,515],"class_list":["post-6866","post","type-post","status-publish","format-standard","has-post-thumbnail","hentry","category-groupes-communautaires","tag-groupes-communautaires","tag-nature","tag-societe-naturelle-de-vankleek-hill","tag-vankleek-hill-collegiate-institute-fr"],"acf":[],"jetpack_featured_media_url":"https:\/\/i0.wp.com\/vankleekhill.ca\/wp-content\/uploads\/2017\/07\/birds.jpg?fit=700%2C400&ssl=1","jetpack-related-posts":[{"id":7101,"url":"https:\/\/vankleekhill.ca\/fr\/blog\/vankleek-hill-tourist-info-centre\/","url_meta":{"origin":6866,"position":0},"title":"Centre d&rsquo;info touristique de Vankleek Hill","author":"Louise","date":"juillet 19, 2017","format":false,"excerpt":"Besoin d'information? Ou cherchez-vous peut-\u00eatre quelque chose \u00e0 faire? Passez nous voir au Centre d'information touristique de Vankleek Hill, situ\u00e9 dans le Mus\u00e9e de Vankleek Hill au 95 rue Main. Ouvert durant les mois estivaux et les fins de semaine d'automne; d\u00e9couvrez ce qui se passe dans les environs de\u2026","rel":"","context":"Dans &quot;En Vedette&quot;","block_context":{"text":"En Vedette","link":"https:\/\/vankleekhill.ca\/fr\/blog\/category\/en-vedette\/"},"img":{"alt_text":"","src":"https:\/\/i0.wp.com\/vankleekhill.ca\/wp-content\/uploads\/2017\/07\/Info-Center.jpg?fit=1200%2C466&ssl=1&resize=350%2C200","width":350,"height":200,"srcset":"https:\/\/i0.wp.com\/vankleekhill.ca\/wp-content\/uploads\/2017\/07\/Info-Center.jpg?fit=1200%2C466&ssl=1&resize=350%2C200 1x, https:\/\/i0.wp.com\/vankleekhill.ca\/wp-content\/uploads\/2017\/07\/Info-Center.jpg?fit=1200%2C466&ssl=1&resize=525%2C300 1.5x, https:\/\/i0.wp.com\/vankleekhill.ca\/wp-content\/uploads\/2017\/07\/Info-Center.jpg?fit=1200%2C466&ssl=1&resize=700%2C400 2x, https:\/\/i0.wp.com\/vankleekhill.ca\/wp-content\/uploads\/2017\/07\/Info-Center.jpg?fit=1200%2C466&ssl=1&resize=1050%2C600 3x"},"classes":[]},{"id":7109,"url":"https:\/\/vankleekhill.ca\/fr\/blog\/popsilos-in-vankleek-hill\/","url_meta":{"origin":6866,"position":1},"title":"Popsilos \u00e0 Vankleek Hill","author":"Louise","date":"juillet 19, 2017","format":false,"excerpt":"Ouimet Farms Adventure et le Vignoble de Vankleek Hill ont tous les deux \u00e9t\u00e9 s\u00e9lectionn\u00e9s pour le projet\u00a0\u00abPopsilos.\u00bb Un artiste mural a peint ces immenses oeuvres sur des silos! Vous pouvez visiter tous les Popsilos \u00e0 Prescott-Russell, mais \u00e0 Vankleek Hill, visitez Ouimet Farms Adventure au 63 rue Main Ouest\u2026","rel":"","context":"Dans &quot;Quoi faire&quot;","block_context":{"text":"Quoi faire","link":"https:\/\/vankleekhill.ca\/fr\/blog\/category\/quoi-faire\/"},"img":{"alt_text":"","src":"https:\/\/i0.wp.com\/vankleekhill.ca\/wp-content\/uploads\/2017\/07\/Cover_Ouimet_web-e1636576432860.jpg?fit=1000%2C389&ssl=1&resize=350%2C200","width":350,"height":200,"srcset":"https:\/\/i0.wp.com\/vankleekhill.ca\/wp-content\/uploads\/2017\/07\/Cover_Ouimet_web-e1636576432860.jpg?fit=1000%2C389&ssl=1&resize=350%2C200 1x, https:\/\/i0.wp.com\/vankleekhill.ca\/wp-content\/uploads\/2017\/07\/Cover_Ouimet_web-e1636576432860.jpg?fit=1000%2C389&ssl=1&resize=525%2C300 1.5x, https:\/\/i0.wp.com\/vankleekhill.ca\/wp-content\/uploads\/2017\/07\/Cover_Ouimet_web-e1636576432860.jpg?fit=1000%2C389&ssl=1&resize=700%2C400 2x"},"classes":[]},{"id":6916,"url":"https:\/\/vankleekhill.ca\/fr\/blog\/marche-des-fermiers-de-vankleek-hill\/","url_meta":{"origin":6866,"position":2},"title":"March\u00e9 des fermiers de Vankleek Hill","author":"Louise","date":"juillet 24, 2017","format":false,"excerpt":"Le March\u00e9 des fermiers de Vankleek Hill a r\u00e9cemment c\u00e9l\u00e9br\u00e9 son 20e anniversaire! Ce march\u00e9 a lieu \u00e0 tous les samedis dans le stationnement du Vankleek Hill Collegiate Institute, au 5814 Route 34. Nouveaux marchands et membres du comit\u00e9 toujours les bienvenus! Venez faire du b\u00e9n\u00e9volat; plein de belles m\u00e9moires\u2026","rel":"","context":"Dans &quot;Groupes communautaires&quot;","block_context":{"text":"Groupes communautaires","link":"https:\/\/vankleekhill.ca\/fr\/blog\/category\/groupes-communautaires\/"},"img":{"alt_text":"","src":"https:\/\/i0.wp.com\/vankleekhill.ca\/wp-content\/uploads\/2017\/07\/Farmers-Market.jpg?fit=800%2C310&ssl=1&resize=350%2C200","width":350,"height":200,"srcset":"https:\/\/i0.wp.com\/vankleekhill.ca\/wp-content\/uploads\/2017\/07\/Farmers-Market.jpg?fit=800%2C310&ssl=1&resize=350%2C200 1x, https:\/\/i0.wp.com\/vankleekhill.ca\/wp-content\/uploads\/2017\/07\/Farmers-Market.jpg?fit=800%2C310&ssl=1&resize=525%2C300 1.5x, https:\/\/i0.wp.com\/vankleekhill.ca\/wp-content\/uploads\/2017\/07\/Farmers-Market.jpg?fit=800%2C310&ssl=1&resize=700%2C400 2x"},"classes":[]},{"id":9744,"url":"https:\/\/vankleekhill.ca\/fr\/blog\/vankleek-hill-farmers-market-2\/","url_meta":{"origin":6866,"position":3},"title":"March\u00e9 champ\u00eatre Vankleek Hill","author":"BeyondINK","date":"d\u00e9cembre 22, 2017","format":false,"excerpt":"Le March\u00e9 champ\u00eatre Vankleek Hill est ouvert \u00e0 l'ann\u00e9e longue! Depuis plus de 20 ans, nos fermiers, processeurs, artistes et artisans vous accueillent \u00e0 tous les samedi matins pour offrir leurs produits frais, locaux, et de qualit\u00e9. Provenu directement de nos fermes \u2013 fruits, l\u00e9gumes, fines herbes, viandes, conserves, plantes\u2026","rel":"","context":"Dans &quot;Bien-\u00eatre&quot;","block_context":{"text":"Bien-\u00eatre","link":"https:\/\/vankleekhill.ca\/fr\/blog\/category\/bien-etre\/"},"img":{"alt_text":"","src":"https:\/\/i0.wp.com\/vankleekhill.ca\/wp-content\/uploads\/2017\/12\/Farmers-Market-2.jpg?fit=800%2C600&ssl=1&resize=350%2C200","width":350,"height":200,"srcset":"https:\/\/i0.wp.com\/vankleekhill.ca\/wp-content\/uploads\/2017\/12\/Farmers-Market-2.jpg?fit=800%2C600&ssl=1&resize=350%2C200 1x, https:\/\/i0.wp.com\/vankleekhill.ca\/wp-content\/uploads\/2017\/12\/Farmers-Market-2.jpg?fit=800%2C600&ssl=1&resize=525%2C300 1.5x, https:\/\/i0.wp.com\/vankleekhill.ca\/wp-content\/uploads\/2017\/12\/Farmers-Market-2.jpg?fit=800%2C600&ssl=1&resize=700%2C400 2x"},"classes":[]},{"id":6954,"url":"https:\/\/vankleekhill.ca\/fr\/blog\/vankleekhillmuseum\/","url_meta":{"origin":6866,"position":4},"title":"Mus\u00e9e de Vankleek Hill","author":"Louise","date":"juillet 20, 2017","format":false,"excerpt":"Le Mus\u00e9e de Vankleek Hill, dans le quartier commer\u00e7ant du village, est situ\u00e9 dans un \u00e9difice datant de 1834, et interpr\u00e8te l'histoire de la r\u00e9gion sous la guise d'un magasin g\u00e9n\u00e9ral. Ouvert de juin jusqu'\u00e0 la fin ao\u00fbt, et durant les fins de semaine en septembre et octobre. Si vous\u2026","rel":"","context":"Dans &quot;Quoi faire&quot;","block_context":{"text":"Quoi faire","link":"https:\/\/vankleekhill.ca\/fr\/blog\/category\/quoi-faire\/"},"img":{"alt_text":"","src":"","width":0,"height":0},"classes":[]},{"id":6900,"url":"https:\/\/vankleekhill.ca\/fr\/blog\/societe-historique-de-vankleek-hill\/","url_meta":{"origin":6866,"position":5},"title":"Soci\u00e9t\u00e9 historique de Vankleek Hill","author":"Louise","date":"juillet 24, 2017","format":false,"excerpt":"Ce groupe \u00e0 but non lucratif s'occupe du Mus\u00e9e de Vankleek Hill et ses expositions sp\u00e9ciales, en plus d'organiser des \u00e9v\u00e8nements et invit\u00e9s sp\u00e9ciaux. Les nouveaux membres sont toujours les bienvenus! Addresse: 95 Main Street East, Vankleek Hill. T\u00e9l.: 613-678-2323. Site Web: www.vankleek.ca Facebook:\u00a0https:\/\/www.facebook.com\/vankleekhillmuseum","rel":"","context":"Dans &quot;Groupes communautaires&quot;","block_context":{"text":"Groupes communautaires","link":"https:\/\/vankleekhill.ca\/fr\/blog\/category\/groupes-communautaires\/"},"img":{"alt_text":"","src":"","width":0,"height":0},"classes":[]}],"jetpack_likes_enabled":true,"jetpack_sharing_enabled":true,"_links":{"self":[{"href":"https:\/\/vankleekhill.ca\/fr\/wp-json\/wp\/v2\/posts\/6866","targetHints":{"allow":["GET"]}}],"collection":[{"href":"https:\/\/vankleekhill.ca\/fr\/wp-json\/wp\/v2\/posts"}],"about":[{"href":"https:\/\/vankleekhill.ca\/fr\/wp-json\/wp\/v2\/types\/post"}],"author":[{"embeddable":true,"href":"https:\/\/vankleekhill.ca\/fr\/wp-json\/wp\/v2\/users\/1001004"}],"replies":[{"embeddable":true,"href":"https:\/\/vankleekhill.ca\/fr\/wp-json\/wp\/v2\/comments?post=6866"}],"version-history":[{"count":0,"href":"https:\/\/vankleekhill.ca\/fr\/wp-json\/wp\/v2\/posts\/6866\/revisions"}],"wp:featuredmedia":[{"embeddable":true,"href":"https:\/\/vankleekhill.ca\/fr\/wp-json\/wp\/v2\/media\/7052"}],"wp:attachment":[{"href":"https:\/\/vankleekhill.ca\/fr\/wp-json\/wp\/v2\/media?parent=6866"}],"wp:term":[{"taxonomy":"category","embeddable":true,"href":"https:\/\/vankleekhill.ca\/fr\/wp-json\/wp\/v2\/categories?post=6866"},{"taxonomy":"post_tag","embeddable":true,"href":"https:\/\/vankleekhill.ca\/fr\/wp-json\/wp\/v2\/tags?post=6866"}],"curies":[{"name":"wp","href":"https:\/\/api.w.org\/{rel}","templated":true}]}}